{"id":3955,"date":"2026-03-05T13:30:37","date_gmt":"2026-03-05T12:30:37","guid":{"rendered":"https:\/\/www.fnamoto.org\/?p=3955"},"modified":"2026-03-05T13:30:38","modified_gmt":"2026-03-05T12:30:38","slug":"campeonato-de-espana-de-motocross-elite-mx1-calatayud-01-03-26","status":"publish","type":"post","link":"https:\/\/www.fnamoto.org\/eu\/campeonato-de-espana-de-motocross-elite-mx1-calatayud-01-03-26\/","title":{"rendered":"CAMPEONATO DE ESPA\u00d1A DE MOTOCROSS \u00c9LITE MX1 &#8211; Calatayud 01\/03\/26"},"content":{"rendered":"\n<p>Grandes cambios para la temporada 2026 en el entorno de Ander Valent\u00edn, cambio de marca, estructura y todo lo que ello conlleva. Por parte de Ander, \u00e9sto que hace que la temporada se afronte con algo m\u00e1s de incertidunbre, pero con ganas frescas y renovadas, y con vistas a dar un salto de calidad y nivel en ciertos \u00e1mbitos.<\/p>\n\n\n\n<p>Este fin de semana pasado se celebr\u00f3 la prueba inaugural del calendario nacional 2026 en Calatayud, donde el piloto navarro estren\u00f3 su nueva Triumph en competici\u00f3n.<\/p>\n\n\n\n<p>Valent\u00edn, sobre la TF 450-X, di\u00f3 muestras de que est\u00e1 en un gran momento de forma. Con su finura en el pilotaje lograba el cuarto mejor registro en los entrenamientos cronometrados de la categor\u00eda MX1 y cerraba sus buenas sensaciones y velocidad siendo cuarto en una manga clasificatoria muy r\u00e1pida.<\/p>\n\n\n\n<p>Tras el protocolario warmup, el de Ayegui sali\u00f3 en la sexta posici\u00f3n en la primera manga del curso para ponerse r\u00e1pidamente cuarto y mantener un ritmo constante para superar la l\u00ednea de meta en esa misma posici\u00f3n. En la carrera final, Valent\u00edn disparaba con precisi\u00f3n tras caer la valla para ponerse en la segunda pasici\u00f3n. Tras los primeros giros ca\u00eda a la tercera posici\u00f3n con mucha ventaja respecto a sus rivales posterioes, cuando una salida de cadena fruto del infortunio daba al traste con el que podr\u00eda haber sido su primer podio con Triumph. La mala suerte propici\u00f3 que el navarro tuviera que emprender el camino de boxes, un abandono que le priv\u00f3 de seguir demostrando una muy buena puesta en escena. Con todo, d\u00e9cima posici\u00f3n para Ander Valent\u00edn en el circuito aragon\u00e9s.<\/p>\n\n\n\n<p>La pr\u00f3xima carrera del Campeonato de Espa\u00f1a, ser\u00e1 en Malpartida de C\u00e1ceres el fin de semana del 14-15 de marzo<\/p>\n\n\n\n<p>Resultados de carrera y puntuaci\u00f3n final:<\/p>\n\n\n\n<p>10\u00ba  ANDER VALENT\u00cdN LASHERAS (23 ptos)<\/p>\n\n\n\n<p>Puntuaci\u00f3n Campeonato:<\/p>\n\n\n\n<p>8\u00ba ANDER VALENT\u00cdN LASHERAS (25 ptos)<\/p>\n","protected":false},"excerpt":{"rendered":"<p>Grandes cambios para la temporada 2026 en el entorno de Ander Valent\u00edn, cambio de marca, estructura y todo lo que ello conlleva. Por parte de Ander, \u00e9sto que hace que la temporada se afronte con algo m\u00e1s de incertidunbre, pero con ganas frescas y renovadas, y con vistas a dar un salto de calidad y&#8230;<\/p>\n","protected":false},"author":5,"featured_media":0,"comment_status":"closed","ping_status":"closed","sticky":false,"template":"","format":"standard","meta":{"_acf_changed":false,"_kad_post_transparent":"","_kad_post_title":"","_kad_post_layout":"","_kad_post_sidebar_id":"","_kad_post_content_style":"","_kad_post_vertical_padding":"","_kad_post_feature":"","_kad_post_feature_position":"","_kad_post_header":false,"_kad_post_footer":false,"_kad_post_classname":"","footnotes":""},"categories":[1],"tags":[],"class_list":["post-3955","post","type-post","status-publish","format-standard","hentry","category-noticias"],"acf":[],"_links":{"self":[{"href":"https:\/\/www.fnamoto.org\/eu\/wp-json\/wp\/v2\/posts\/3955","targetHints":{"allow":["GET"]}}],"collection":[{"href":"https:\/\/www.fnamoto.org\/eu\/wp-json\/wp\/v2\/posts"}],"about":[{"href":"https:\/\/www.fnamoto.org\/eu\/wp-json\/wp\/v2\/types\/post"}],"author":[{"embeddable":true,"href":"https:\/\/www.fnamoto.org\/eu\/wp-json\/wp\/v2\/users\/5"}],"replies":[{"embeddable":true,"href":"https:\/\/www.fnamoto.org\/eu\/wp-json\/wp\/v2\/comments?post=3955"}],"version-history":[{"count":1,"href":"https:\/\/www.fnamoto.org\/eu\/wp-json\/wp\/v2\/posts\/3955\/revisions"}],"predecessor-version":[{"id":3956,"href":"https:\/\/www.fnamoto.org\/eu\/wp-json\/wp\/v2\/posts\/3955\/revisions\/3956"}],"wp:attachment":[{"href":"https:\/\/www.fnamoto.org\/eu\/wp-json\/wp\/v2\/media?parent=3955"}],"wp:term":[{"taxonomy":"category","embeddable":true,"href":"https:\/\/www.fnamoto.org\/eu\/wp-json\/wp\/v2\/categories?post=3955"},{"taxonomy":"post_tag","embeddable":true,"href":"https:\/\/www.fnamoto.org\/eu\/wp-json\/wp\/v2\/tags?post=3955"}],"curies":[{"name":"wp","href":"https:\/\/api.w.org\/{rel}","templated":true}]}}