{"id":3873,"date":"2025-12-12T08:09:11","date_gmt":"2025-12-12T07:09:11","guid":{"rendered":"https:\/\/www.fnamoto.org\/?p=3873"},"modified":"2025-12-12T08:11:13","modified_gmt":"2025-12-12T07:11:13","slug":"motocross-de-las-autonomias-del-zona-norte-06-12-2025","status":"publish","type":"post","link":"https:\/\/www.fnamoto.org\/eu\/motocross-de-las-autonomias-del-zona-norte-06-12-2025\/","title":{"rendered":"MOTOCROSS DE LAS AUTONOM\u00cdAS DEL ZONA NORTE 06\/12\/2025"},"content":{"rendered":"\n<p>NAVARRA FUE QUINTA EN EL MOTOCROSS DE LAS AUTONOM\u00cdAS DE LA ZONA NORTE, QUE VENCI\u00d3 ASTURIAS<\/p>\n\n\n\n<p>La selecci\u00f3n navarra logr\u00f3 el quinto puesto en el Motocross de las Autonom\u00edas dentro del Cto. Interauton\u00f3mico  Zona Norte, celerado este pasado s\u00e1bado, 6 de diciembre en La Ba\u00f1eza (Le\u00f3n), y en el que se impuso Asturias.<\/p>\n\n\n\n<p>Mermada por las bajas de \u00faltima hora y por la ausencia de pilotos en la categor\u00eda de MC65, los siete representantes navarros (una en cada categor\u00eda de MX1, MX2, Master y Sub 18, y tres de la MX85) hicieron un papel m\u00e1s que digno en el Circuito de La Salgada, que estaba en perfectas condiciones, gracias al buen trabajo del Moto Club Ba\u00f1ezano.<\/p>\n\n\n\n<p>En la categor\u00eda de Federaciones (en la que participan los pilotos de MX1, MX2, Master y Sub 18) la victoria fue para el asturiano Alejo Peral, segundo en la primera manga y primero en la \u00faltima, seguido del castellanoleon\u00e9s Manuel L\u00f3pez Carreras (P1 yP2) y el representante de Euskadi, Daniel Casta\u00f1ondo (P3 y P3). El mejor de los navarros fue Jon Ander Rodr\u00edguez Cartagena (14\u00ba y 10\u00ba), seguido de Diego L\u00f3pez de la Calle Arina (21\u00ba y 19\u00ba), Ricardo Rodr\u00edguez Irigaray (24\u00ba y 22\u00ba) y Asier Alcantud Sarramian (29\u00ba y 25\u00ba).<\/p>\n\n\n\n<p>Por su parte, en la categor\u00eda de MX85 la prueba fue ganada por el asturiano Sim\u00f3n Valle (P2 y P1), seguido del piloto de Euskadi, Oier Noguerol (P4 y P2) y el asturiano Hugo Moris (P3 y P3). El navarro Aitor Rivas Iroz fue el mejor de los nuestros (P5 y P4), que le aup\u00f3 al quinto puesto final, seguido de Hugo Urzainqui Peral (P10 y P8) y Enaitz Rodr\u00edguez Irazu (P14 y P14).<\/p>\n\n\n\n<p>Por \u00faltimo, la categor\u00eda de MX65, sin representantes navarros, fue ganada por la piloto de la Federaci\u00f3n Vasca, Aratz Aurre (P1 y P1), seguida de los asturianos Pelayo  G\u00f3mez (P2 y P2) y Seve Hospido (P3 y P3).<\/p>\n\n\n\n<p>E el c\u00f3mputo final, Asturias result\u00f3 ganadora del Motocross de las Autonom\u00edas de la Zona Norte, acompa\u00f1ada en el podio por Castilla Le\u00f3n y Euskadi<\/p>\n","protected":false},"excerpt":{"rendered":"<p>NAVARRA FUE QUINTA EN EL MOTOCROSS DE LAS AUTONOM\u00cdAS DE LA ZONA NORTE, QUE VENCI\u00d3 ASTURIAS La selecci\u00f3n navarra logr\u00f3 el quinto puesto en el Motocross de las Autonom\u00edas dentro del Cto. Interauton\u00f3mico Zona Norte, celerado este pasado s\u00e1bado, 6 de diciembre en La Ba\u00f1eza (Le\u00f3n), y en el que se impuso Asturias. Mermada por&#8230;<\/p>\n","protected":false},"author":5,"featured_media":3874,"comment_status":"closed","ping_status":"closed","sticky":false,"template":"","format":"standard","meta":{"_acf_changed":false,"_kad_post_transparent":"","_kad_post_title":"","_kad_post_layout":"","_kad_post_sidebar_id":"","_kad_post_content_style":"","_kad_post_vertical_padding":"","_kad_post_feature":"","_kad_post_feature_position":"","_kad_post_header":false,"_kad_post_footer":false,"_kad_post_classname":"","footnotes":""},"categories":[1],"tags":[],"class_list":["post-3873","post","type-post","status-publish","format-standard","has-post-thumbnail","hentry","category-noticias"],"acf":[],"_links":{"self":[{"href":"https:\/\/www.fnamoto.org\/eu\/wp-json\/wp\/v2\/posts\/3873","targetHints":{"allow":["GET"]}}],"collection":[{"href":"https:\/\/www.fnamoto.org\/eu\/wp-json\/wp\/v2\/posts"}],"about":[{"href":"https:\/\/www.fnamoto.org\/eu\/wp-json\/wp\/v2\/types\/post"}],"author":[{"embeddable":true,"href":"https:\/\/www.fnamoto.org\/eu\/wp-json\/wp\/v2\/users\/5"}],"replies":[{"embeddable":true,"href":"https:\/\/www.fnamoto.org\/eu\/wp-json\/wp\/v2\/comments?post=3873"}],"version-history":[{"count":2,"href":"https:\/\/www.fnamoto.org\/eu\/wp-json\/wp\/v2\/posts\/3873\/revisions"}],"predecessor-version":[{"id":3880,"href":"https:\/\/www.fnamoto.org\/eu\/wp-json\/wp\/v2\/posts\/3873\/revisions\/3880"}],"wp:featuredmedia":[{"embeddable":true,"href":"https:\/\/www.fnamoto.org\/eu\/wp-json\/wp\/v2\/media\/3874"}],"wp:attachment":[{"href":"https:\/\/www.fnamoto.org\/eu\/wp-json\/wp\/v2\/media?parent=3873"}],"wp:term":[{"taxonomy":"category","embeddable":true,"href":"https:\/\/www.fnamoto.org\/eu\/wp-json\/wp\/v2\/categories?post=3873"},{"taxonomy":"post_tag","embeddable":true,"href":"https:\/\/www.fnamoto.org\/eu\/wp-json\/wp\/v2\/tags?post=3873"}],"curies":[{"name":"wp","href":"https:\/\/api.w.org\/{rel}","templated":true}]}}