{"id":3849,"date":"2025-10-22T13:19:52","date_gmt":"2025-10-22T11:19:52","guid":{"rendered":"https:\/\/www.fnamoto.org\/?p=3849"},"modified":"2025-10-22T13:19:53","modified_gmt":"2025-10-22T11:19:53","slug":"ander-valentin-subcampeon-del-espana-de-mx1-elite","status":"publish","type":"post","link":"https:\/\/www.fnamoto.org\/eu\/ander-valentin-subcampeon-del-espana-de-mx1-elite\/","title":{"rendered":"ANDER VALENT\u00cdN, SUBCAMPE\u00d3N DEL ESPA\u00d1A DE MX1 \u00c9LITE"},"content":{"rendered":"\n<p>Malpartida de C\u00e1ceres ha sido el escenario de la \u00faltima prueba del Campeonato de Espa\u00f1a de Motocross 2025. Ander Valent\u00edn, que optaba al t\u00edtulo en la categor\u00eda reina, finalmente se lleva la medalla de plata tras ser segundo en la definitiva manga del domingo.<\/p>\n\n\n\n<p>El s\u00e1bado, Ander fue de menos a m\u00e1s, aumentando su velocidad y mejorando sesi\u00f3n tras sesi\u00f3n. Firm\u00f3 el 3\u00ba puesto en la clasificatoria y en la carrera, fue 2\u00aa.  En ambos casos, las salidas no le acompa\u00f1aron, oblig\u00e1ndole a tener que recuperar posiciones especialmente en la segunda manga. En una primera vuelta excepcional, consigui\u00f3 realizar varios adelantamientos y colocarse en el 2\u00ba puesto, desde el que imprimi\u00f3 un fuerte ritmo en busca del l\u00edder. Aunque progresivamente fue recortando la distancia, no acab\u00f3 siendo suficiente para contactar, aunque s\u00ed para confirmar su buena velocidad, y afrontar con la moral alta la decisiva manga del domingo.<\/p>\n\n\n\n<p>La \u00faltima manga del a\u00f1o MXi-\u00c9lite arranc\u00f3 con todo por decidirse.  Ander Valent\u00edn la afrontaba como l\u00edder, pero con un solo punto de margen sobre su m\u00e1ximo rival. El inicio fue prometedor, con Valent\u00edn alcanzando el liderato de la carrera y empezando a marcar un fuerte ritmo con el objetivo de poner tierra por medio con el resto de pilotos. A las pocas vueltas, se vio superado por su m\u00e1ximo rival y aunque intent\u00f3 mantener su rueda en el punto de mira, no pudo devolverle el adelantamiento. Entr\u00f3 segundo, y con ello qued\u00f3 relegado al Subcampeonato.<\/p>\n\n\n\n<p>A pesar de no conseguir el objetivo, hay que poner en valor la gran temporada de Ander, que ha subido al podio en todas las rondas del certamen, incluidas dos victorias, adem\u00e1s de llevar la placa roja de l\u00edder en buena parte del mismo sobre su Yamaha.<\/p>\n\n\n\n<p>Finalizada esta etapa del a\u00f1o, los pr\u00f3ximos objetivos del piloto navarro son participar en Alemania y Paris, en dos pruebas internacionales de la modalidad de Supercross a mediados de noviembre.<\/p>\n\n\n\n<p>Puntuaci\u00f3n campeonato:<\/p>\n\n\n\n<p>1\u00ba  Jos\u00e9 Antonio Butr\u00f3n       333 ptos<\/p>\n\n\n\n<p>2\u00ba  Ander Valent\u00edn                    331 ptos<\/p>\n\n\n\n<p>3\u00ba  Gerard Congost                  295 ptos<\/p>\n","protected":false},"excerpt":{"rendered":"<p>Malpartida de C\u00e1ceres ha sido el escenario de la \u00faltima prueba del Campeonato de Espa\u00f1a de Motocross 2025. Ander Valent\u00edn, que optaba al t\u00edtulo en la categor\u00eda reina, finalmente se lleva la medalla de plata tras ser segundo en la definitiva manga del domingo. El s\u00e1bado, Ander fue de menos a m\u00e1s, aumentando su velocidad&#8230;<\/p>\n","protected":false},"author":5,"featured_media":3852,"comment_status":"closed","ping_status":"closed","sticky":false,"template":"","format":"standard","meta":{"_acf_changed":false,"_kad_post_transparent":"","_kad_post_title":"","_kad_post_layout":"","_kad_post_sidebar_id":"","_kad_post_content_style":"","_kad_post_vertical_padding":"","_kad_post_feature":"","_kad_post_feature_position":"","_kad_post_header":false,"_kad_post_footer":false,"_kad_post_classname":"","footnotes":""},"categories":[1],"tags":[],"class_list":["post-3849","post","type-post","status-publish","format-standard","has-post-thumbnail","hentry","category-noticias"],"acf":[],"_links":{"self":[{"href":"https:\/\/www.fnamoto.org\/eu\/wp-json\/wp\/v2\/posts\/3849","targetHints":{"allow":["GET"]}}],"collection":[{"href":"https:\/\/www.fnamoto.org\/eu\/wp-json\/wp\/v2\/posts"}],"about":[{"href":"https:\/\/www.fnamoto.org\/eu\/wp-json\/wp\/v2\/types\/post"}],"author":[{"embeddable":true,"href":"https:\/\/www.fnamoto.org\/eu\/wp-json\/wp\/v2\/users\/5"}],"replies":[{"embeddable":true,"href":"https:\/\/www.fnamoto.org\/eu\/wp-json\/wp\/v2\/comments?post=3849"}],"version-history":[{"count":1,"href":"https:\/\/www.fnamoto.org\/eu\/wp-json\/wp\/v2\/posts\/3849\/revisions"}],"predecessor-version":[{"id":3854,"href":"https:\/\/www.fnamoto.org\/eu\/wp-json\/wp\/v2\/posts\/3849\/revisions\/3854"}],"wp:featuredmedia":[{"embeddable":true,"href":"https:\/\/www.fnamoto.org\/eu\/wp-json\/wp\/v2\/media\/3852"}],"wp:attachment":[{"href":"https:\/\/www.fnamoto.org\/eu\/wp-json\/wp\/v2\/media?parent=3849"}],"wp:term":[{"taxonomy":"category","embeddable":true,"href":"https:\/\/www.fnamoto.org\/eu\/wp-json\/wp\/v2\/categories?post=3849"},{"taxonomy":"post_tag","embeddable":true,"href":"https:\/\/www.fnamoto.org\/eu\/wp-json\/wp\/v2\/tags?post=3849"}],"curies":[{"name":"wp","href":"https:\/\/api.w.org\/{rel}","templated":true}]}}