{"id":3815,"date":"2025-10-15T08:48:27","date_gmt":"2025-10-15T06:48:27","guid":{"rendered":"https:\/\/www.fnamoto.org\/?p=3815"},"modified":"2025-10-15T08:48:28","modified_gmt":"2025-10-15T06:48:28","slug":"ander-valentin-continua-el-liderato","status":"publish","type":"post","link":"https:\/\/www.fnamoto.org\/eu\/ander-valentin-continua-el-liderato\/","title":{"rendered":"ANDER VALENT\u00cdN, CONTIN\u00daA EL LIDERATO"},"content":{"rendered":"\n<p>Prueba: Campeonato de Espa\u00f1a de Motocross \u00c9lite MX1<\/p>\n\n\n\n<p>Fecha: 28\/09\/2025<\/p>\n\n\n\n<p>Lugar: Alhama de Murcia (Murcia)<\/p>\n\n\n\n<p>Ander Valent\u00edn, llegaba l\u00edder a la pen\u00faltima prueba del Campeonato con un peque\u00f1o margen de 5 puntos, que supo mantener a lo largo del fin de semana.<\/p>\n\n\n\n<p>Todo empez\u00f3 con muy buen p\u00ede, marcando la vuelta r\u00e1pida en los entrenamientos controlados, y ganando la manga clasificatoria de manera convincente. En la primera manga, con una salida decente, enseguida se colocaba segundo tras su m\u00e1s directo rival de Campeonato, tras alcanzarlo hizo un gran esfuerzo por rebasarlo pero no encontr\u00f3 la manera, y as\u00ed concluy\u00f3 la manga. En la segunda manga consigui\u00f3 el holeshot y lider\u00f3 los primeros giros, para luego pasar al 2\u00ba puesto y rodar en esa plaza lo que rest\u00f3 de carrera.  Ander Valent\u00edn pudo contener los ataques que vinieron por detr\u00e1s, sumando puntos muy valiosos para un Campeonato que llegar\u00e1 a Malpartida de C\u00e1ceres al rojo vivo.<\/p>\n\n\n\n<p>En el estreno de la ELF Supersprint, una manga que se a\u00f1adi\u00f3 al formato habitual del fin de semana, simplemente suponiendo un premio en met\u00e1lico, no teniendo ninguna repercusi\u00f3n en la clasificaci\u00f3n del Campeonato, Valent\u00edn se llev\u00f3 la 2\u00ba posici\u00f3n, Se mantuvo a rueda del primer clasificado durante las seis vueltas de carrera, pero no encontr\u00f3 el hueco para poder materializar el adelantamiento.<\/p>\n\n\n\n<p>La pr\u00f3xima y \u00faltima prueba del Campeonato de Espa\u00f1a, ser\u00e1 en Malpartida de C\u00e1ceres el fin de semana del 18 y 19 de octubre<\/p>\n\n\n\n<p>Resultados de carrera y puntuaci\u00f3n final:<\/p>\n\n\n\n<ul class=\"wp-block-list\">\n<li>1\u00ba Gerard Cpmgpst                         45 ptos<\/li>\n\n\n\n<li>2\u00ba Jos\u00e9 Antonio Butr\u00f3n                45 ptos<\/li>\n\n\n\n<li>3\u00ba Ander Valent\u00edn                             44 ptos<\/li>\n<\/ul>\n\n\n\n<p>Puntuaci\u00f3n Campeonato Espa\u00f1a \u00c9lite MX1:<\/p>\n\n\n\n<ul class=\"wp-block-list\">\n<li>1\u00ba ANDER VALENT\u00cdN                     284 ptos<\/li>\n\n\n\n<li>2\u00ba Jos\u00e9 Antonio Butr\u00f3n                  279 ptos<\/li>\n\n\n\n<li>3\u00ba Gerard Congost                            255 ptos   <\/li>\n<\/ul>\n","protected":false},"excerpt":{"rendered":"<p>Prueba: Campeonato de Espa\u00f1a de Motocross \u00c9lite MX1 Fecha: 28\/09\/2025 Lugar: Alhama de Murcia (Murcia) Ander Valent\u00edn, llegaba l\u00edder a la pen\u00faltima prueba del Campeonato con un peque\u00f1o margen de 5 puntos, que supo mantener a lo largo del fin de semana. Todo empez\u00f3 con muy buen p\u00ede, marcando la vuelta r\u00e1pida en los entrenamientos&#8230;<\/p>\n","protected":false},"author":5,"featured_media":3822,"comment_status":"closed","ping_status":"closed","sticky":false,"template":"","format":"standard","meta":{"_acf_changed":false,"_kad_post_transparent":"","_kad_post_title":"","_kad_post_layout":"","_kad_post_sidebar_id":"","_kad_post_content_style":"","_kad_post_vertical_padding":"","_kad_post_feature":"","_kad_post_feature_position":"","_kad_post_header":false,"_kad_post_footer":false,"_kad_post_classname":"","footnotes":""},"categories":[1],"tags":[],"class_list":["post-3815","post","type-post","status-publish","format-standard","has-post-thumbnail","hentry","category-noticias"],"acf":[],"_links":{"self":[{"href":"https:\/\/www.fnamoto.org\/eu\/wp-json\/wp\/v2\/posts\/3815","targetHints":{"allow":["GET"]}}],"collection":[{"href":"https:\/\/www.fnamoto.org\/eu\/wp-json\/wp\/v2\/posts"}],"about":[{"href":"https:\/\/www.fnamoto.org\/eu\/wp-json\/wp\/v2\/types\/post"}],"author":[{"embeddable":true,"href":"https:\/\/www.fnamoto.org\/eu\/wp-json\/wp\/v2\/users\/5"}],"replies":[{"embeddable":true,"href":"https:\/\/www.fnamoto.org\/eu\/wp-json\/wp\/v2\/comments?post=3815"}],"version-history":[{"count":1,"href":"https:\/\/www.fnamoto.org\/eu\/wp-json\/wp\/v2\/posts\/3815\/revisions"}],"predecessor-version":[{"id":3826,"href":"https:\/\/www.fnamoto.org\/eu\/wp-json\/wp\/v2\/posts\/3815\/revisions\/3826"}],"wp:featuredmedia":[{"embeddable":true,"href":"https:\/\/www.fnamoto.org\/eu\/wp-json\/wp\/v2\/media\/3822"}],"wp:attachment":[{"href":"https:\/\/www.fnamoto.org\/eu\/wp-json\/wp\/v2\/media?parent=3815"}],"wp:term":[{"taxonomy":"category","embeddable":true,"href":"https:\/\/www.fnamoto.org\/eu\/wp-json\/wp\/v2\/categories?post=3815"},{"taxonomy":"post_tag","embeddable":true,"href":"https:\/\/www.fnamoto.org\/eu\/wp-json\/wp\/v2\/tags?post=3815"}],"curies":[{"name":"wp","href":"https:\/\/api.w.org\/{rel}","templated":true}]}}