{"id":3590,"date":"2025-03-04T11:54:12","date_gmt":"2025-03-04T10:54:12","guid":{"rendered":"https:\/\/www.fnamoto.org\/?p=3590"},"modified":"2025-03-04T11:54:13","modified_gmt":"2025-03-04T10:54:13","slug":"aplazado-el-enducross-de-cintruenigo","status":"publish","type":"post","link":"https:\/\/www.fnamoto.org\/eu\/aplazado-el-enducross-de-cintruenigo\/","title":{"rendered":"APLAZADO EL ENDUCROSS DE CINTRU\u00c9NIGO"},"content":{"rendered":"\n<p>Por las lluvias de estos d\u00edas no se puede celebrar el Enducross de Cintru\u00e9nigo previsto para el 9 de marzo.<\/p>\n\n\n\n<p>Debido al agua que est\u00e1 cayendo estos d\u00edas no podemos preparar el circuito.<\/p>\n\n\n\n<p>Se avisar\u00e1 con la pr\u00f3xima fecha.<\/p>\n\n\n\n<p>Perdonas las molestias.<\/p>\n","protected":false},"excerpt":{"rendered":"<p>Por las lluvias de estos d\u00edas no se puede celebrar el Enducross de Cintru\u00e9nigo previsto para el 9 de marzo. Debido al agua que est\u00e1 cayendo estos d\u00edas no podemos preparar el circuito. Se avisar\u00e1 con la pr\u00f3xima fecha. Perdonas las molestias.<\/p>\n","protected":false},"author":5,"featured_media":0,"comment_status":"closed","ping_status":"closed","sticky":false,"template":"","format":"standard","meta":{"_acf_changed":false,"_kad_post_transparent":"","_kad_post_title":"","_kad_post_layout":"","_kad_post_sidebar_id":"","_kad_post_content_style":"","_kad_post_vertical_padding":"","_kad_post_feature":"","_kad_post_feature_position":"","_kad_post_header":false,"_kad_post_footer":false,"_kad_post_classname":"","footnotes":""},"categories":[1],"tags":[],"class_list":["post-3590","post","type-post","status-publish","format-standard","hentry","category-noticias"],"acf":[],"_links":{"self":[{"href":"https:\/\/www.fnamoto.org\/eu\/wp-json\/wp\/v2\/posts\/3590","targetHints":{"allow":["GET"]}}],"collection":[{"href":"https:\/\/www.fnamoto.org\/eu\/wp-json\/wp\/v2\/posts"}],"about":[{"href":"https:\/\/www.fnamoto.org\/eu\/wp-json\/wp\/v2\/types\/post"}],"author":[{"embeddable":true,"href":"https:\/\/www.fnamoto.org\/eu\/wp-json\/wp\/v2\/users\/5"}],"replies":[{"embeddable":true,"href":"https:\/\/www.fnamoto.org\/eu\/wp-json\/wp\/v2\/comments?post=3590"}],"version-history":[{"count":1,"href":"https:\/\/www.fnamoto.org\/eu\/wp-json\/wp\/v2\/posts\/3590\/revisions"}],"predecessor-version":[{"id":3591,"href":"https:\/\/www.fnamoto.org\/eu\/wp-json\/wp\/v2\/posts\/3590\/revisions\/3591"}],"wp:attachment":[{"href":"https:\/\/www.fnamoto.org\/eu\/wp-json\/wp\/v2\/media?parent=3590"}],"wp:term":[{"taxonomy":"category","embeddable":true,"href":"https:\/\/www.fnamoto.org\/eu\/wp-json\/wp\/v2\/categories?post=3590"},{"taxonomy":"post_tag","embeddable":true,"href":"https:\/\/www.fnamoto.org\/eu\/wp-json\/wp\/v2\/tags?post=3590"}],"curies":[{"name":"wp","href":"https:\/\/api.w.org\/{rel}","templated":true}]}}