{"id":3583,"date":"2025-02-27T09:39:19","date_gmt":"2025-02-27T08:39:19","guid":{"rendered":"https:\/\/www.fnamoto.org\/?p=3583"},"modified":"2025-02-27T09:39:20","modified_gmt":"2025-02-27T08:39:20","slug":"ander-valentin-continua-como-lider-del-nacional-de-mx1-elite","status":"publish","type":"post","link":"https:\/\/www.fnamoto.org\/eu\/ander-valentin-continua-como-lider-del-nacional-de-mx1-elite\/","title":{"rendered":"ANDER VALENT\u00cdN CONTIN\u00daA COMO LIDER DEL NACIONAL DE MX1 \u00c9LITE"},"content":{"rendered":"\n<p>Tras la disputa este fin de semana de la segunda prueba del Nacional de Motocross \u00c9lite en el circuito de Sanl\u00facar de Barrameda, el navarro Ander Valent\u00edn contin\u00faa con la placa roja de l\u00edder de la categor\u00eda MX1.<\/p>\n\n\n\n<p>La prueba cont\u00f3 con la presencia del mundialista Rub\u00e9n Fern\u00e1ndez, quien demostr\u00f3 su buen estado de forma liderando con autoridad los entrenamientos cronometrados, por delante de Gerad Congost y Ander Valent\u00edn.<\/p>\n\n\n\n<p>La manga de clasificaci\u00f3n tambi\u00e9n fue dominada por el piloto gallego, seguido por Jos\u00e9 Antonio Butr\u00f3n y Ander Valent\u00edn.<\/p>\n\n\n\n<p>Ya en la jornada del domingo, la primera manga fue dominada por Jos\u00e9 Antonio Butr\u00f3n, seguido de Rub\u00e9n Fern\u00e1ndez, que tras una mala salida y una ca\u00edda, no pudo llegar m\u00e1s que al segundo puesto. El tercer lugar lo ocup\u00f3 Gerard Congost, siendo cuarto Ander Valent\u00edn, que en la salida choc\u00f3 con otro piloto, da\u00f1ando el disco delantero del freno, por lo que tuvo que hacer toda la manga mermado por esta circunstancia, al no poder contar con el freo delantero.<\/p>\n\n\n\n<p>En la segunda manga, bonita lucha entre Rub\u00e9n Fern\u00e1ndez y Jos\u00e9 Antonio Butr\u00f3n en las primeras vueltas, hasta que el piloto gallego ca\u00eda en la novena, no pudiendo ser esquivado por butr\u00f3n, quien tambi\u00e9n iba al suelo, aunque con m\u00e1s fortuna que Rub\u00e9n, ya que el piloto gaditano pudo seguir en carrera. Tras este incidente, Ander tom\u00f3 la iniciativa y mantuvo el primer puesto durante las tres siguientes vueltas, hasta que fue adelantado por Butr\u00f3n, manteniendo hasta el final una bonita lucha, que se decant\u00f3 por el piloto gaditano. En tercer lugar lleg\u00f3 Gerard Congost.<\/p>\n\n\n\n<p>El podio final estuvo conformado por Jos\u00e9 Antonio Butr\u00f3n, Ander Valent\u00edn y Gerard Congost.<\/p>\n\n\n\n<p>La clasificaci\u00f3n general del campeonato sigue encabezada por Ander Valent\u00edn, con 93 puntos, seguido de Jos\u00e9 Antonio Butr\u00f3n (89), Gerard Congost (86) y Sime\u00f3 Ubach (69).<\/p>\n\n\n\n<p>La pr\u00f3xima prueba se celebrar\u00e1 en el circuito leridano de Bellpuig los d\u00edas 8 y 9 de marzo.<\/p>\n","protected":false},"excerpt":{"rendered":"<p>Tras la disputa este fin de semana de la segunda prueba del Nacional de Motocross \u00c9lite en el circuito de Sanl\u00facar de Barrameda, el navarro Ander Valent\u00edn contin\u00faa con la placa roja de l\u00edder de la categor\u00eda MX1. La prueba cont\u00f3 con la presencia del mundialista Rub\u00e9n Fern\u00e1ndez, quien demostr\u00f3 su buen estado de forma&#8230;<\/p>\n","protected":false},"author":5,"featured_media":3584,"comment_status":"closed","ping_status":"closed","sticky":false,"template":"","format":"standard","meta":{"_acf_changed":false,"_kad_post_transparent":"","_kad_post_title":"","_kad_post_layout":"","_kad_post_sidebar_id":"","_kad_post_content_style":"","_kad_post_vertical_padding":"","_kad_post_feature":"","_kad_post_feature_position":"","_kad_post_header":false,"_kad_post_footer":false,"_kad_post_classname":"","footnotes":""},"categories":[1],"tags":[],"class_list":["post-3583","post","type-post","status-publish","format-standard","has-post-thumbnail","hentry","category-noticias"],"acf":[],"_links":{"self":[{"href":"https:\/\/www.fnamoto.org\/eu\/wp-json\/wp\/v2\/posts\/3583","targetHints":{"allow":["GET"]}}],"collection":[{"href":"https:\/\/www.fnamoto.org\/eu\/wp-json\/wp\/v2\/posts"}],"about":[{"href":"https:\/\/www.fnamoto.org\/eu\/wp-json\/wp\/v2\/types\/post"}],"author":[{"embeddable":true,"href":"https:\/\/www.fnamoto.org\/eu\/wp-json\/wp\/v2\/users\/5"}],"replies":[{"embeddable":true,"href":"https:\/\/www.fnamoto.org\/eu\/wp-json\/wp\/v2\/comments?post=3583"}],"version-history":[{"count":1,"href":"https:\/\/www.fnamoto.org\/eu\/wp-json\/wp\/v2\/posts\/3583\/revisions"}],"predecessor-version":[{"id":3588,"href":"https:\/\/www.fnamoto.org\/eu\/wp-json\/wp\/v2\/posts\/3583\/revisions\/3588"}],"wp:featuredmedia":[{"embeddable":true,"href":"https:\/\/www.fnamoto.org\/eu\/wp-json\/wp\/v2\/media\/3584"}],"wp:attachment":[{"href":"https:\/\/www.fnamoto.org\/eu\/wp-json\/wp\/v2\/media?parent=3583"}],"wp:term":[{"taxonomy":"category","embeddable":true,"href":"https:\/\/www.fnamoto.org\/eu\/wp-json\/wp\/v2\/categories?post=3583"},{"taxonomy":"post_tag","embeddable":true,"href":"https:\/\/www.fnamoto.org\/eu\/wp-json\/wp\/v2\/tags?post=3583"}],"curies":[{"name":"wp","href":"https:\/\/api.w.org\/{rel}","templated":true}]}}