{"id":3577,"date":"2025-02-13T08:54:46","date_gmt":"2025-02-13T07:54:46","guid":{"rendered":"https:\/\/www.fnamoto.org\/?p=3577"},"modified":"2025-02-13T08:56:31","modified_gmt":"2025-02-13T07:56:31","slug":"curso-mx-urbasa-para-juveniles-cadetes-y-juniors","status":"publish","type":"post","link":"https:\/\/www.fnamoto.org\/eu\/curso-mx-urbasa-para-juveniles-cadetes-y-juniors\/","title":{"rendered":"CURSO MX URBASA, PARA JUVENILES, CADETES Y JUNIORS"},"content":{"rendered":"\n<p>El pr\u00f3ximo d\u00eda 17 de mayo se organiza en Urbasa un curso de motocross para las categor\u00edas de juveniles, cadetes y juniors.<\/p>\n\n\n\n<p>Las plazas son limitadas, 15 pilotos, los primeros que se inscriban.<\/p>\n\n\n\n<p>La inscripci\u00f3n asciende a 70 \u20ac<\/p>\n\n\n\n<p>El curso lo impartir\u00e1 Jon Idiaquez, piloto de motocross y monitor de motociclismo.<\/p>\n\n\n\n<p><\/p>\n","protected":false},"excerpt":{"rendered":"<p>El pr\u00f3ximo d\u00eda 17 de mayo se organiza en Urbasa un curso de motocross para las categor\u00edas de juveniles, cadetes y juniors. Las plazas son limitadas, 15 pilotos, los primeros que se inscriban. La inscripci\u00f3n asciende a 70 \u20ac El curso lo impartir\u00e1 Jon Idiaquez, piloto de motocross y monitor de motociclismo.<\/p>\n","protected":false},"author":5,"featured_media":3578,"comment_status":"closed","ping_status":"closed","sticky":false,"template":"","format":"standard","meta":{"_acf_changed":false,"_kad_post_transparent":"","_kad_post_title":"","_kad_post_layout":"","_kad_post_sidebar_id":"","_kad_post_content_style":"","_kad_post_vertical_padding":"","_kad_post_feature":"","_kad_post_feature_position":"","_kad_post_header":false,"_kad_post_footer":false,"_kad_post_classname":"","footnotes":""},"categories":[1],"tags":[],"class_list":["post-3577","post","type-post","status-publish","format-standard","has-post-thumbnail","hentry","category-noticias"],"acf":[],"_links":{"self":[{"href":"https:\/\/www.fnamoto.org\/eu\/wp-json\/wp\/v2\/posts\/3577","targetHints":{"allow":["GET"]}}],"collection":[{"href":"https:\/\/www.fnamoto.org\/eu\/wp-json\/wp\/v2\/posts"}],"about":[{"href":"https:\/\/www.fnamoto.org\/eu\/wp-json\/wp\/v2\/types\/post"}],"author":[{"embeddable":true,"href":"https:\/\/www.fnamoto.org\/eu\/wp-json\/wp\/v2\/users\/5"}],"replies":[{"embeddable":true,"href":"https:\/\/www.fnamoto.org\/eu\/wp-json\/wp\/v2\/comments?post=3577"}],"version-history":[{"count":2,"href":"https:\/\/www.fnamoto.org\/eu\/wp-json\/wp\/v2\/posts\/3577\/revisions"}],"predecessor-version":[{"id":3581,"href":"https:\/\/www.fnamoto.org\/eu\/wp-json\/wp\/v2\/posts\/3577\/revisions\/3581"}],"wp:featuredmedia":[{"embeddable":true,"href":"https:\/\/www.fnamoto.org\/eu\/wp-json\/wp\/v2\/media\/3578"}],"wp:attachment":[{"href":"https:\/\/www.fnamoto.org\/eu\/wp-json\/wp\/v2\/media?parent=3577"}],"wp:term":[{"taxonomy":"category","embeddable":true,"href":"https:\/\/www.fnamoto.org\/eu\/wp-json\/wp\/v2\/categories?post=3577"},{"taxonomy":"post_tag","embeddable":true,"href":"https:\/\/www.fnamoto.org\/eu\/wp-json\/wp\/v2\/tags?post=3577"}],"curies":[{"name":"wp","href":"https:\/\/api.w.org\/{rel}","templated":true}]}}