{"id":3570,"date":"2025-02-06T07:55:46","date_gmt":"2025-02-06T06:55:46","guid":{"rendered":"https:\/\/www.fnamoto.org\/?p=3570"},"modified":"2025-02-06T07:55:47","modified_gmt":"2025-02-06T06:55:47","slug":"ander-valentin-primer-lider-del-nacional-mx1-elite","status":"publish","type":"post","link":"https:\/\/www.fnamoto.org\/eu\/ander-valentin-primer-lider-del-nacional-mx1-elite\/","title":{"rendered":"ANDER VALENT\u00cdN, PRIMER L\u00cdDER DEL NACIONAL MX1 \u00c9LITE"},"content":{"rendered":"\n<p>El piloto navarro Ander Valent\u00edn es el primer l\u00edder del Campeonato de Espa\u00f1a de Motocross, en la categor\u00eda MX1 \u00c9lite, tras la gran victoria conseguida este pasado fin de semana en el circuito talaverano de Cerro Negro, que acog\u00eda la primera prueba del Campeonato de Espa\u00f1a de Motocross, consiguiendo la victoria en las dos mangas, la pole en los entrenamientos y los dos holeshot.<\/p>\n\n\n\n<p>Las lluvias ca\u00eddas en las dos \u00faltimas semanas y, en consecuencia, el estado muy embarrado del circuito, obligaron a posponer la celebraci\u00f3n de la jornada del s\u00e1bado, destinada a entrenamientos y la manga de clasificaci\u00f3n, agrupando todo en la jornada del domingo, en la que se disputaron los entrenamientos cronometrados y las dos mangas.<\/p>\n\n\n\n<p>Ander ya dej\u00f3 claro desde los entrenamientos que los circuitos complicados son su fuerte, marcando el mejor tiempo, seguido por Gerad Congost y Jos\u00e9 Antonio Butr\u00f3n.<\/p>\n\n\n\n<p>En la primera manga, dominio absoluto de Ander Valent\u00edn, que fue el mejor en la salida y no dejo el primer puesto hasta el banderazo final, siendo seguido por el debutante Gerard Congost y por Jos\u00e9 Antonio Butr\u00f3n.<\/p>\n\n\n\n<p>La segunda manga, tambi\u00e9n con holeshot del piloto navarro, fue dominada por Jos\u00e9 Antonio Butr\u00f3n, seguido por Ander Valent\u00edn y Gerard Congost, pero Butr\u00f3n fue sancionado con cinco puestos por haber saltado con bandera m\u00e9dica en el circuito, por lo que la victoria fue para Ander, por delante de Gerard Congost y Sim\u00e9o Ubach.<\/p>\n\n\n\n<p>En el Campeonato, la placa roja de l\u00edder para Ander Valent\u00edn, con 50 puntos, seguido de Gerard Congost, con 44, Sime\u00f3 Ubach,  y Carlos Campano con 36, y Jos\u00e9 Antonio Butr\u00f3n, con 35.<\/p>\n\n\n\n<p>La pr\u00f3xima prueba se celebrar\u00e1 en Sanl\u00facar de Barrameda (C\u00e1diz), los d\u00edas 22 y 23 de febrero.<\/p>\n","protected":false},"excerpt":{"rendered":"<p>El piloto navarro Ander Valent\u00edn es el primer l\u00edder del Campeonato de Espa\u00f1a de Motocross, en la categor\u00eda MX1 \u00c9lite, tras la gran victoria conseguida este pasado fin de semana en el circuito talaverano de Cerro Negro, que acog\u00eda la primera prueba del Campeonato de Espa\u00f1a de Motocross, consiguiendo la victoria en las dos mangas,&#8230;<\/p>\n","protected":false},"author":5,"featured_media":3571,"comment_status":"closed","ping_status":"closed","sticky":false,"template":"","format":"standard","meta":{"_acf_changed":false,"_kad_post_transparent":"","_kad_post_title":"","_kad_post_layout":"","_kad_post_sidebar_id":"","_kad_post_content_style":"","_kad_post_vertical_padding":"","_kad_post_feature":"","_kad_post_feature_position":"","_kad_post_header":false,"_kad_post_footer":false,"_kad_post_classname":"","footnotes":""},"categories":[1],"tags":[],"class_list":["post-3570","post","type-post","status-publish","format-standard","has-post-thumbnail","hentry","category-noticias"],"acf":[],"_links":{"self":[{"href":"https:\/\/www.fnamoto.org\/eu\/wp-json\/wp\/v2\/posts\/3570","targetHints":{"allow":["GET"]}}],"collection":[{"href":"https:\/\/www.fnamoto.org\/eu\/wp-json\/wp\/v2\/posts"}],"about":[{"href":"https:\/\/www.fnamoto.org\/eu\/wp-json\/wp\/v2\/types\/post"}],"author":[{"embeddable":true,"href":"https:\/\/www.fnamoto.org\/eu\/wp-json\/wp\/v2\/users\/5"}],"replies":[{"embeddable":true,"href":"https:\/\/www.fnamoto.org\/eu\/wp-json\/wp\/v2\/comments?post=3570"}],"version-history":[{"count":1,"href":"https:\/\/www.fnamoto.org\/eu\/wp-json\/wp\/v2\/posts\/3570\/revisions"}],"predecessor-version":[{"id":3575,"href":"https:\/\/www.fnamoto.org\/eu\/wp-json\/wp\/v2\/posts\/3570\/revisions\/3575"}],"wp:featuredmedia":[{"embeddable":true,"href":"https:\/\/www.fnamoto.org\/eu\/wp-json\/wp\/v2\/media\/3571"}],"wp:attachment":[{"href":"https:\/\/www.fnamoto.org\/eu\/wp-json\/wp\/v2\/media?parent=3570"}],"wp:term":[{"taxonomy":"category","embeddable":true,"href":"https:\/\/www.fnamoto.org\/eu\/wp-json\/wp\/v2\/categories?post=3570"},{"taxonomy":"post_tag","embeddable":true,"href":"https:\/\/www.fnamoto.org\/eu\/wp-json\/wp\/v2\/tags?post=3570"}],"curies":[{"name":"wp","href":"https:\/\/api.w.org\/{rel}","templated":true}]}}