{"id":3502,"date":"2024-11-12T09:04:46","date_gmt":"2024-11-12T08:04:46","guid":{"rendered":"https:\/\/www.fnamoto.org\/?p=3502"},"modified":"2024-11-12T09:04:47","modified_gmt":"2024-11-12T08:04:47","slug":"cto-espana-de-las-autonomias-de-motocross","status":"publish","type":"post","link":"https:\/\/www.fnamoto.org\/eu\/cto-espana-de-las-autonomias-de-motocross\/","title":{"rendered":"CTO. ESPA\u00d1A DE LAS AUTONOM\u00cdAS DE MOTOCROSS"},"content":{"rendered":"\n<p>Los d\u00edas 1,2 y 3 de noviembre la selecci\u00f3n navarra  logr\u00f3 el und\u00e9cimo puesto en el Motocross de las Autonom\u00edas, celebrado este fin de semana en Osuna (Sevilla), y en el que se impuso Andaluc\u00eda.<\/p>\n\n\n\n<p>Tras las lluvias ca\u00eddas durante toda la semana en Osuna, el s\u00e1bado 1 de noviembre, con un circuito totalmente embarrado y muy complicado, se tom\u00f3 la decisi\u00f3n  de anular los entrenamientos y las mangas de clasificaci\u00f3n previstas, y dejarlo todo para el domingo, con unos entrenamientos cronometrados y las tres mangas de categor\u00eda \u00c9lite y las dos de MX85.<\/p>\n\n\n\n<p>Tras un gran trabajo por parte del Moto Club Urso, organizador de la prueba, el circuito qued\u00f3 en buenas condiciones para el domingo, aunque con las dificultades propias de un circuito de estas caracter\u00edsticas, que ha albergado varias pruebas del Campeonato de Espa\u00f1a.<\/p>\n\n\n\n<p>En la categor\u00eda \u00c9lite, el andaluz Jos\u00e9 Antonio Butr\u00f3n no dej\u00f3 opci\u00f3n a la sorpresa, liderando los entrenamientos y las tres mangas, seguido por Adri\u00e1 Monne (Catalu\u00f1a) y Francisco Haro (Andaluc\u00eda) en la primera; Salvador P\u00e9rez (Murcia) y Nil Arcarons (Catalu\u00f1a) en la segunda y Monne y Sergio Castro (ambos catalanes) en la tercera.<\/p>\n\n\n\n<p>La representaci\u00f3n navarra estaba compuesta por Marcos Beraza (28\u00ba en las dos primeras mangas y 29\u00ba en la tercera), Ion Ander Rodr\u00edguez Cartagena (32\u00ba, 33\u00ba y 32\u00ba) y Asier Alcantud (34\u00ba, 37\u00ba y 35\u00ba), quienes cumplieron en un circuito con mucha dificultad.<\/p>\n\n\n\n<p>Por su parte, en la categor\u00eda MX85, el madrile\u00f1o Jorge Salvador fue el claro dominador de los entrenamientos y las dos mangas, siendo seguido por el castellanoleon\u00e9s Carlos Mart\u00edn (2\u00ba y 3\u00ba) y el andaluz Oscar Rueda (3\u00ba y 2\u00ba).<\/p>\n\n\n\n<p>Los navarros Aitor Rivas (31\u00ba y 32\u00ba), Gonzalo Cuartero (34\u00ba y 29\u00ba) y Erik Larumbe (37\u00ba y 35\u00ba) cumplieron, al igual que sus compa\u00f1eros de categor\u00eda \u00c9lite, m\u00e1xime teniendo en cuenta lo complicado de algunas partes del circuito para motos de 85.<\/p>\n\n\n\n<p>En el c\u00f3mputo final, Andaluc\u00eda toma el relevo de Catalu\u00f1a como campeona del Motocross de las Autonom\u00edas, mientras que Navarra consigue el und\u00e9cimo puesto, repitiendo el resultado del a\u00f1o pasado en Talavera de la Reina.<\/p>\n","protected":false},"excerpt":{"rendered":"<p>Los d\u00edas 1,2 y 3 de noviembre la selecci\u00f3n navarra logr\u00f3 el und\u00e9cimo puesto en el Motocross de las Autonom\u00edas, celebrado este fin de semana en Osuna (Sevilla), y en el que se impuso Andaluc\u00eda. Tras las lluvias ca\u00eddas durante toda la semana en Osuna, el s\u00e1bado 1 de noviembre, con un circuito totalmente embarrado&#8230;<\/p>\n","protected":false},"author":5,"featured_media":3503,"comment_status":"closed","ping_status":"closed","sticky":false,"template":"","format":"standard","meta":{"_acf_changed":false,"_kad_post_transparent":"","_kad_post_title":"","_kad_post_layout":"","_kad_post_sidebar_id":"","_kad_post_content_style":"","_kad_post_vertical_padding":"","_kad_post_feature":"","_kad_post_feature_position":"","_kad_post_header":false,"_kad_post_footer":false,"_kad_post_classname":"","footnotes":""},"categories":[1],"tags":[],"class_list":["post-3502","post","type-post","status-publish","format-standard","has-post-thumbnail","hentry","category-noticias"],"acf":[],"_links":{"self":[{"href":"https:\/\/www.fnamoto.org\/eu\/wp-json\/wp\/v2\/posts\/3502","targetHints":{"allow":["GET"]}}],"collection":[{"href":"https:\/\/www.fnamoto.org\/eu\/wp-json\/wp\/v2\/posts"}],"about":[{"href":"https:\/\/www.fnamoto.org\/eu\/wp-json\/wp\/v2\/types\/post"}],"author":[{"embeddable":true,"href":"https:\/\/www.fnamoto.org\/eu\/wp-json\/wp\/v2\/users\/5"}],"replies":[{"embeddable":true,"href":"https:\/\/www.fnamoto.org\/eu\/wp-json\/wp\/v2\/comments?post=3502"}],"version-history":[{"count":1,"href":"https:\/\/www.fnamoto.org\/eu\/wp-json\/wp\/v2\/posts\/3502\/revisions"}],"predecessor-version":[{"id":3505,"href":"https:\/\/www.fnamoto.org\/eu\/wp-json\/wp\/v2\/posts\/3502\/revisions\/3505"}],"wp:featuredmedia":[{"embeddable":true,"href":"https:\/\/www.fnamoto.org\/eu\/wp-json\/wp\/v2\/media\/3503"}],"wp:attachment":[{"href":"https:\/\/www.fnamoto.org\/eu\/wp-json\/wp\/v2\/media?parent=3502"}],"wp:term":[{"taxonomy":"category","embeddable":true,"href":"https:\/\/www.fnamoto.org\/eu\/wp-json\/wp\/v2\/categories?post=3502"},{"taxonomy":"post_tag","embeddable":true,"href":"https:\/\/www.fnamoto.org\/eu\/wp-json\/wp\/v2\/tags?post=3502"}],"curies":[{"name":"wp","href":"https:\/\/api.w.org\/{rel}","templated":true}]}}