{"id":3347,"date":"2024-04-25T08:51:47","date_gmt":"2024-04-25T06:51:47","guid":{"rendered":"https:\/\/www.fnamoto.org\/?p=3347"},"modified":"2024-04-25T08:51:49","modified_gmt":"2024-04-25T06:51:49","slug":"meritorio-segundo-puesto-de-ander-valentin-en-sanlucar-de-barrameda","status":"publish","type":"post","link":"https:\/\/www.fnamoto.org\/eu\/meritorio-segundo-puesto-de-ander-valentin-en-sanlucar-de-barrameda\/","title":{"rendered":"MERITORIO SEGUNDO PUESTO DE ANDER VALENT\u00cdN EN SANL\u00daCAR DE BARRAMEDA"},"content":{"rendered":"\n<p>El piloto navarro Ander Valent\u00edn Lasheras consigui\u00f3 un meritorio segundo puesto en la categor\u00eda MX-1 \u00c9lite de la cuarta prueba del Campeonato de Espa\u00f1a de Motocross, celebrada este pasado fin de semana en el circuito de SanL\u00facar de Barrameda.<\/p>\n\n\n\n<p>La participaci\u00f3n del piloto navarro en esa prueba qued\u00f3 marcada en la tanda de entrenamientos, cuando, a falta de tres minutos para el final, Ander sufri\u00f3 una aparatosa ca\u00edda, golpe\u00e1ndose la cabeza y sufriendo un fuerte esguince en el dedo pulgar de su mano derecha, lo que hizo dudar, en un primer momento, de su concurso en la prueba.<\/p>\n\n\n\n<p>Pese a las evidentes molestias, Ander particip\u00f3 el s\u00e1bado en la manga de clasificaci\u00f3n  logrando un meritorio segundo lugar, tras Jos\u00e9 Antonio Butr\u00f3n.<\/p>\n\n\n\n<p>El domingo, y con el de do en peores condiciones, el piloto navarro se subi\u00f3 nuevamente a la moto, consciente de que lo importante era sumar puntos, ya que en el estado en que se encontraba, resultaba imposible plantar cara a Jos\u00e9 Antonio Butr\u00f3n.<\/p>\n\n\n\n<p>En la primera manga, tras una no muy buena salida (sexto en la primera vuelta), Ander consigui\u00f3 ir adelantando hasta llegar al tercer puesto, tras Jos\u00e9 Antonio Butr\u00f3n y Xurxo Prol.<\/p>\n\n\n\n<p>Mejorando las cosas en la segunda manga, ya que Ander se coloc\u00f3 de salida detr\u00e1s de Jos\u00e9 Antonio Butr\u00f3n, y en esos puestos recibieron la bandera a cuadros.<\/p>\n\n\n\n<p>En el podio final, el piloto navarro subi\u00f3 al segundo caj\u00f3n, por detr\u00e1s de Butr\u00f3n y por delante de Prol.<\/p>\n\n\n\n<p>En cuanto a la clasificaci\u00f3n general, y a falta de tres  carreras, Jos\u00e9 Antonio Butr\u00f3n es primero de 192, seguido de Ander Valent\u00edn, (169) y Sime\u00f3 Ubach (109).<\/p>\n\n\n\n<p>La pr\u00f3xima carrera tendr\u00e1 lugar los d\u00edas 25 26 de mayo en el circuito de Alhama de Murcia.<\/p>\n\n\n\n<p>Por \u00faltimo, resaltar la ausencia de los pilotos navarros Iker Uterga  (MX-1) y Alejandro Irigoyen (MX125) en esta ocasi\u00f3n.<\/p>\n","protected":false},"excerpt":{"rendered":"<p>El piloto navarro Ander Valent\u00edn Lasheras consigui\u00f3 un meritorio segundo puesto en la categor\u00eda MX-1 \u00c9lite de la cuarta prueba del Campeonato de Espa\u00f1a de Motocross, celebrada este pasado fin de semana en el circuito de SanL\u00facar de Barrameda. La participaci\u00f3n del piloto navarro en esa prueba qued\u00f3 marcada en la tanda de entrenamientos, cuando,&#8230;<\/p>\n","protected":false},"author":5,"featured_media":0,"comment_status":"closed","ping_status":"closed","sticky":false,"template":"","format":"standard","meta":{"_acf_changed":false,"_kad_post_transparent":"","_kad_post_title":"","_kad_post_layout":"","_kad_post_sidebar_id":"","_kad_post_content_style":"","_kad_post_vertical_padding":"","_kad_post_feature":"","_kad_post_feature_position":"","_kad_post_header":false,"_kad_post_footer":false,"_kad_post_classname":"","footnotes":""},"categories":[1],"tags":[],"class_list":["post-3347","post","type-post","status-publish","format-standard","hentry","category-noticias"],"acf":[],"_links":{"self":[{"href":"https:\/\/www.fnamoto.org\/eu\/wp-json\/wp\/v2\/posts\/3347","targetHints":{"allow":["GET"]}}],"collection":[{"href":"https:\/\/www.fnamoto.org\/eu\/wp-json\/wp\/v2\/posts"}],"about":[{"href":"https:\/\/www.fnamoto.org\/eu\/wp-json\/wp\/v2\/types\/post"}],"author":[{"embeddable":true,"href":"https:\/\/www.fnamoto.org\/eu\/wp-json\/wp\/v2\/users\/5"}],"replies":[{"embeddable":true,"href":"https:\/\/www.fnamoto.org\/eu\/wp-json\/wp\/v2\/comments?post=3347"}],"version-history":[{"count":1,"href":"https:\/\/www.fnamoto.org\/eu\/wp-json\/wp\/v2\/posts\/3347\/revisions"}],"predecessor-version":[{"id":3348,"href":"https:\/\/www.fnamoto.org\/eu\/wp-json\/wp\/v2\/posts\/3347\/revisions\/3348"}],"wp:attachment":[{"href":"https:\/\/www.fnamoto.org\/eu\/wp-json\/wp\/v2\/media?parent=3347"}],"wp:term":[{"taxonomy":"category","embeddable":true,"href":"https:\/\/www.fnamoto.org\/eu\/wp-json\/wp\/v2\/categories?post=3347"},{"taxonomy":"post_tag","embeddable":true,"href":"https:\/\/www.fnamoto.org\/eu\/wp-json\/wp\/v2\/tags?post=3347"}],"curies":[{"name":"wp","href":"https:\/\/api.w.org\/{rel}","templated":true}]}}