{"id":3330,"date":"2024-03-19T08:01:37","date_gmt":"2024-03-19T07:01:37","guid":{"rendered":"https:\/\/www.fnamoto.org\/?p=3330"},"modified":"2024-04-03T07:47:40","modified_gmt":"2024-04-03T05:47:40","slug":"ander-valentin-en-el-2o-cajon-en-malpartida-de-caceres","status":"publish","type":"post","link":"https:\/\/www.fnamoto.org\/eu\/ander-valentin-en-el-2o-cajon-en-malpartida-de-caceres\/","title":{"rendered":"NUEVO PODIO PARA ANDER VALENT\u00cdN EN MALPARTIDA DE C\u00c1CERES"},"content":{"rendered":"\n<p>Prueba: CAMPEONATO DE ESPA\u00d1A DE MOTOCROSS \u00c9LITE MX1<\/p>\n\n\n\n<p>Fecha: 17\/03\/24<\/p>\n\n\n\n<p>Lugar: Malpartida (C\u00e1ceresf)<\/p>\n\n\n\n<p class=\"has-text-align-left\">El piloto navarro Ander Valent\u00edn consigui\u00f3 un m\u00e1s que meritorio segundo puesto en la prueba celebrada este pasado fin de semana en Malpartida de C\u00e1ceres, que era la tercera del Campeonato de Espa\u00f1a de Motocross.<\/p>\n\n\n\n<p class=\"has-text-align-left\">Tras el buen sabor de boca dejado en Lugo, Ander demostr\u00f3 ya en los entrenamientos que este a\u00f1o hay que contar con \u00e9l para pelear por el t\u00edtulo, firmando el mejor tiempo, por delante de Jos\u00e9 Antonio Butr\u00f3n. en la manga de clasificaci\u00f3n, unos problemas con las pastillas de freno privaron a Ander de ofrecer su mejor versi\u00f3n, conform\u00e1ndose con el segundo puesto, tras Jos\u00e9 Antonio Butr\u00f3n.<\/p>\n\n\n\n<p class=\"has-text-align-left\">En la primera manga Ander no pudo correr como acostumbra, diezmado por un problema de los ajustes de su motocicleta, aunque logr\u00f3 un segundo puesto, por detr\u00e1s de Butr\u00f3n .<\/p>\n\n\n\n<p class=\"has-text-align-left\">En la segunda manga, ya solucionados los problemas, Ander anduvo mucho m\u00e1s fino y r\u00e1pido (la vuelta r\u00e1pida en carrera a tan solo 2 d\u00e9cimas del vencedor), aunque tuvo que ceder ante un Butr\u00f3n que realiz\u00f3 una gran manga.<\/p>\n\n\n\n<p class=\"has-text-align-left\">El podio final estuvo comandado por Jos\u00e9 Antonio Butr\u00f3n, seguido de Ander Valent\u00edn y Sime\u00f3 Ubach.<\/p>\n\n\n\n<p class=\"has-text-align-left\">La pr\u00f3xima prueba del Campeonato de Espa\u00f1a de Motocross tendr\u00e1 lugar los d\u00edas 20 y 21 de abril en San Lucar de Barrameda, aunque antes Ander acudir\u00e1 al circuito de Arroyomolinos, en Madrid, para disputar la segunda prueba del Campeonato del Mundo.<\/p>\n\n\n\n<p class=\"has-text-align-left\">Por lo que se refiere al otro piloto navarro presente en Malpartida de C\u00e1ceres, Alejandro Irigoyen, encuadrado en la categor\u00eda de 125, fue de menos a m\u00e1s, ya que en los entrenamientos qued\u00f3 en el puesto 40, en tanto que en la primera manga firm\u00f3 un 30\u00ba puesto, y en la segunda, tras una buena remontada, hizo un 29\u00ba. Hay que tener en cuenta que es el primer a\u00f1o del piloto navarro en una categor\u00eda con muy buenos pilotos y de gran nivel.<\/p>\n\n\n\n<p>CLASIFICACIONES:<\/p>\n\n\n\n<p>Resultado de carrera y puntuaci\u00f3n final:<\/p>\n\n\n\n<p>1\u00ba Jos\u00e9 Antonio Butr\u00f3n Oliva (50 puntos)<\/p>\n\n\n\n<p>2\u00ba ANDER VALENT\u00cdN LASHERAS (44 puntos)<\/p>\n\n\n\n<p>3\u00ba Simeo Ubach Sala (40 puntos)<\/p>\n\n\n\n<p>CLASIFICACI\u00d3N GENERAL DEL CAMPEONATO:<\/p>\n\n\n\n<p>1\u00ba Jos\u00e9 Antonio Butr\u00f3n (137 puntos)<\/p>\n\n\n\n<p>2\u00ba ANDER VALENT\u00cdN LASHERAS (123 puntos)<\/p>\n\n\n\n<p>3\u00ba Roger Oliver (82 puntos)<\/p>\n","protected":false},"excerpt":{"rendered":"<p>Prueba: CAMPEONATO DE ESPA\u00d1A DE MOTOCROSS \u00c9LITE MX1 Fecha: 17\/03\/24 Lugar: Malpartida (C\u00e1ceresf) El piloto navarro Ander Valent\u00edn consigui\u00f3 un m\u00e1s que meritorio segundo puesto en la prueba celebrada este pasado fin de semana en Malpartida de C\u00e1ceres, que era la tercera del Campeonato de Espa\u00f1a de Motocross. Tras el buen sabor de boca dejado&#8230;<\/p>\n","protected":false},"author":5,"featured_media":0,"comment_status":"closed","ping_status":"closed","sticky":false,"template":"","format":"standard","meta":{"_acf_changed":false,"_kad_post_transparent":"","_kad_post_title":"","_kad_post_layout":"","_kad_post_sidebar_id":"","_kad_post_content_style":"","_kad_post_vertical_padding":"","_kad_post_feature":"","_kad_post_feature_position":"","_kad_post_header":false,"_kad_post_footer":false,"_kad_post_classname":"","footnotes":""},"categories":[1],"tags":[],"class_list":["post-3330","post","type-post","status-publish","format-standard","hentry","category-noticias"],"acf":[],"_links":{"self":[{"href":"https:\/\/www.fnamoto.org\/eu\/wp-json\/wp\/v2\/posts\/3330","targetHints":{"allow":["GET"]}}],"collection":[{"href":"https:\/\/www.fnamoto.org\/eu\/wp-json\/wp\/v2\/posts"}],"about":[{"href":"https:\/\/www.fnamoto.org\/eu\/wp-json\/wp\/v2\/types\/post"}],"author":[{"embeddable":true,"href":"https:\/\/www.fnamoto.org\/eu\/wp-json\/wp\/v2\/users\/5"}],"replies":[{"embeddable":true,"href":"https:\/\/www.fnamoto.org\/eu\/wp-json\/wp\/v2\/comments?post=3330"}],"version-history":[{"count":2,"href":"https:\/\/www.fnamoto.org\/eu\/wp-json\/wp\/v2\/posts\/3330\/revisions"}],"predecessor-version":[{"id":3340,"href":"https:\/\/www.fnamoto.org\/eu\/wp-json\/wp\/v2\/posts\/3330\/revisions\/3340"}],"wp:attachment":[{"href":"https:\/\/www.fnamoto.org\/eu\/wp-json\/wp\/v2\/media?parent=3330"}],"wp:term":[{"taxonomy":"category","embeddable":true,"href":"https:\/\/www.fnamoto.org\/eu\/wp-json\/wp\/v2\/categories?post=3330"},{"taxonomy":"post_tag","embeddable":true,"href":"https:\/\/www.fnamoto.org\/eu\/wp-json\/wp\/v2\/tags?post=3330"}],"curies":[{"name":"wp","href":"https:\/\/api.w.org\/{rel}","templated":true}]}}