{"id":3306,"date":"2024-02-27T08:16:00","date_gmt":"2024-02-27T07:16:00","guid":{"rendered":"https:\/\/www.fnamoto.org\/?p=3306"},"modified":"2024-04-02T11:37:50","modified_gmt":"2024-04-02T09:37:50","slug":"podio-epico-de-ander-valentin-en-lugo","status":"publish","type":"post","link":"https:\/\/www.fnamoto.org\/eu\/podio-epico-de-ander-valentin-en-lugo\/","title":{"rendered":"PODIO \u00c9PICO DE ANDER VALENT\u00cdN EN LUGO"},"content":{"rendered":"\n<p>PRUEBA: CAMPEONATO DE ESPA\u00d1A DE MOTOCROSS \u00c9LITE MX1<\/p>\n\n\n\n<p>FECHA: 24-02-2024<\/p>\n\n\n\n<p>LUGAR: LUGO (GALICIA)<\/p>\n\n\n\n<p>el piloto navarro Ander Valent\u00edn logr\u00f3 la tercera posici\u00f3n de la categor\u00eda MX1 \u00c9lite, en el pasado Motocross de Lugo, celebrado este \u00faltimo fin de semana, por detr\u00e1s de los mundialistas Jorge Prado y Rub\u00e9n Fern\u00e1ndez. Iker Uterga, tambi\u00e9n en MX1, firm\u00f3 un vig\u00e9simo segundo puesto, tras una penalizaci\u00f3n en la primera manga, mientras que Alejandro Irigoyen Telletxea, en la categor\u00eda de 125, qued\u00f3 en vig\u00e9simo lugar.<\/p>\n\n\n\n<p>Las condiciones meteorol\u00f3gicas hicieron que la organizaci\u00f3n decidiera adelantar la disputa de las mangas del domingo al s\u00e1bado, ya que la previsi\u00f3n de lluvia amenazaba seriamente el normal desarrollo de la prueba.<\/p>\n\n\n\n<p>Adem\u00e1s, las precipitaciones ca\u00eddas con anterioridad, hicieron que el circuito estuviera muy complicado y t\u00e9cnico.<\/p>\n\n\n\n<p>En los entrenamientos de la categor\u00eda MX1 \u00c9lite, el m\u00e1s r\u00e1pido fue Jorge Prado, seguido de Rub\u00e9n Fern\u00e1ndez, el brasile\u00f1o Dos Santos y el navarro Ander Valent\u00edn. Iker Uterga firm\u00f3 un vig\u00e9simo segunda posici\u00f3n.<\/p>\n\n\n\n<p>La primera manga fue para Rub\u00e9n Fern\u00e1ndez, quien sali\u00f3 en primera posici\u00f3n y no abandon\u00f3 la cabeza de carrera hasta el banderazo final. Jorge Prado fue segundo y Ander Valent\u00edn tercero, cuajando una muy buena manga en un circuito muy complicado. Iker Uterga finaliz\u00f3 en vig\u00e9sima posici\u00f3n, pero fue penalizado con cinco puestos debido a transitar a una velocidad inadecuada en el pit lane, por lo que hubo de conformarse con el vig\u00e9simo quinto lugar.<\/p>\n\n\n\n<p>La segunda manga llevaba camino de ser un calco de la primera, pero una ca\u00edda de Rub\u00e9n Fern\u00e1ndez en la d\u00e9cima vuelta, proporcion\u00f3 el liderato a Jorge Prado, que recibi\u00f3 el primero la bandera de cuadros, seguido de Rub\u00e9n Fern\u00e1ndez y Ander Valent\u00edn, quien tras una ca\u00edda en la salida y quedar el \u00faltimo lugar, fue escalando posiciones hasta el merecid\u00edsimo tercer puesto final. Iker Uterga logr\u00f3 un meritorio vig\u00e9simo puesto.<\/p>\n\n\n\n<p>Por lo que se refiere a la categor\u00eda de 125, dominio absoluto de Salvador P\u00e9rez en las dos mangas, seguido de Valentino V\u00e1zquez y Carlos Prat en la primera de ellas y por Enzo Badenas y carlos Prat en la segunda. En cuanto al navarro Alejandro Irigoyen, sufri\u00f3 un percance en la \u00faltima vuelta de la primera manga cuando iba d\u00e9cimo octavo, y perdi\u00f3 dos posiciones para ser vig\u00e9simo. En la segunda manga, muy buena remontada desde el puesto vig\u00e9simo s\u00e9ptimo en la primera vuelta hasta el d\u00e9cimo s\u00e9ptimo en la meta.<\/p>\n\n\n\n<p>La siguiente prueba del Campeonato de Espa\u00f1a tendr\u00e1 lugar los d\u00edas 16 y 17 de marzo en el Circuito Las Arenas, del Malpartida de C\u00e1ceres.<\/p>\n\n\n\n<p>Clasificaci\u00f3n final carrera:<\/p>\n\n\n\n<p>1\u00ba Jorge Prado (22+25=47 pts)<\/p>\n\n\n\n<p>2\u00ba Rub\u00e9n Fern\u00e1nde (25+22=47 pts)<\/p>\n\n\n\n<p>3\u00ba ANDER VALENT\u00cdN (20+20=40 pts)<\/p>\n\n\n\n<p>Clasificaci\u00f3n general del campeonato:<\/p>\n\n\n\n<p>1\u00ba Jos\u00e9 Antonio Butr\u00f3n (82 ptos)<\/p>\n\n\n\n<p>2\u00ba Ander Valent\u00edn (75 ptos)<\/p>\n\n\n\n<p>3\u00ba Carlos Campano (68 ptos)<\/p>\n\n\n\n<p>La pr\u00f3xima prueba se celebra en Malpartida de C\u00e1ceres el 17 de marzo<\/p>\n","protected":false},"excerpt":{"rendered":"<p>PRUEBA: CAMPEONATO DE ESPA\u00d1A DE MOTOCROSS \u00c9LITE MX1 FECHA: 24-02-2024 LUGAR: LUGO (GALICIA) el piloto navarro Ander Valent\u00edn logr\u00f3 la tercera posici\u00f3n de la categor\u00eda MX1 \u00c9lite, en el pasado Motocross de Lugo, celebrado este \u00faltimo fin de semana, por detr\u00e1s de los mundialistas Jorge Prado y Rub\u00e9n Fern\u00e1ndez. Iker Uterga, tambi\u00e9n en MX1, firm\u00f3&#8230;<\/p>\n","protected":false},"author":5,"featured_media":3307,"comment_status":"closed","ping_status":"closed","sticky":false,"template":"","format":"standard","meta":{"_acf_changed":false,"_kad_post_transparent":"","_kad_post_title":"","_kad_post_layout":"","_kad_post_sidebar_id":"","_kad_post_content_style":"","_kad_post_vertical_padding":"","_kad_post_feature":"","_kad_post_feature_position":"","_kad_post_header":false,"_kad_post_footer":false,"_kad_post_classname":"","footnotes":""},"categories":[1],"tags":[],"class_list":["post-3306","post","type-post","status-publish","format-standard","has-post-thumbnail","hentry","category-noticias"],"acf":[],"_links":{"self":[{"href":"https:\/\/www.fnamoto.org\/eu\/wp-json\/wp\/v2\/posts\/3306","targetHints":{"allow":["GET"]}}],"collection":[{"href":"https:\/\/www.fnamoto.org\/eu\/wp-json\/wp\/v2\/posts"}],"about":[{"href":"https:\/\/www.fnamoto.org\/eu\/wp-json\/wp\/v2\/types\/post"}],"author":[{"embeddable":true,"href":"https:\/\/www.fnamoto.org\/eu\/wp-json\/wp\/v2\/users\/5"}],"replies":[{"embeddable":true,"href":"https:\/\/www.fnamoto.org\/eu\/wp-json\/wp\/v2\/comments?post=3306"}],"version-history":[{"count":3,"href":"https:\/\/www.fnamoto.org\/eu\/wp-json\/wp\/v2\/posts\/3306\/revisions"}],"predecessor-version":[{"id":3338,"href":"https:\/\/www.fnamoto.org\/eu\/wp-json\/wp\/v2\/posts\/3306\/revisions\/3338"}],"wp:featuredmedia":[{"embeddable":true,"href":"https:\/\/www.fnamoto.org\/eu\/wp-json\/wp\/v2\/media\/3307"}],"wp:attachment":[{"href":"https:\/\/www.fnamoto.org\/eu\/wp-json\/wp\/v2\/media?parent=3306"}],"wp:term":[{"taxonomy":"category","embeddable":true,"href":"https:\/\/www.fnamoto.org\/eu\/wp-json\/wp\/v2\/categories?post=3306"},{"taxonomy":"post_tag","embeddable":true,"href":"https:\/\/www.fnamoto.org\/eu\/wp-json\/wp\/v2\/tags?post=3306"}],"curies":[{"name":"wp","href":"https:\/\/api.w.org\/{rel}","templated":true}]}}