{"id":3286,"date":"2024-02-06T07:49:41","date_gmt":"2024-02-06T06:49:41","guid":{"rendered":"https:\/\/www.fnamoto.org\/?p=3286"},"modified":"2024-03-20T13:07:28","modified_gmt":"2024-03-20T12:07:28","slug":"ander-valentin-1a-prueba-del-cto-de-espana-de-motocross","status":"publish","type":"post","link":"https:\/\/www.fnamoto.org\/eu\/ander-valentin-1a-prueba-del-cto-de-espana-de-motocross\/","title":{"rendered":"ANDER VALENT\u00cdN &#8211; 1\u00aa PRUEBA DEL CTO. DE ESPA\u00d1A DE MOTOCROSS"},"content":{"rendered":"\n<h1 class=\"wp-block-heading\">ANDER VALENT\u00cdN COMIENZA LA TEMPORADA 2024 CON BUEN PIE<\/h1>\n\n\n\n<p><strong>PRUEBA<\/strong>:&nbsp;&nbsp;&nbsp; CAMPEONATO DE ESPA\u00d1A DE MOTOCROSS \u00c9LITE MX1<\/p>\n\n\n\n<p><strong>FECHA<\/strong>:&nbsp;&nbsp;&nbsp;&nbsp;&nbsp;&nbsp; 04-02-2024<\/p>\n\n\n\n<p><strong>LUGAR<\/strong>:&nbsp;&nbsp;&nbsp;&nbsp;&nbsp;&nbsp; TALAVERA DE LA REINA (TOLEDO)<\/p>\n\n\n\n<p>Talavera de la Reina ha dado el pistoletazo de salida a una nueva temporada del Campeonato de Espa\u00f1a de Motocross. El numeroso p\u00fablico que ha asistido al circuito ha disfrutado de unas carreras entretenidas, en las que Ander Valent\u00edn se estrenaba de color azul Yamaha con su vuelta al equipo Ausi\u00f3 Racing team, realizando una remontada espectacular en la 1\u00aa manga tras sufrir una ca\u00edda en la salida.<\/p>\n\n\n\n<p>El piloto navarro se fue al suelo tras tocarse con otro piloto en la 3\u00aa curva quedando relegado a la \u00faltima posici\u00f3n. Empez\u00f3 a superar rivales uno tras otro con gran ritmo hasta alcanzar, en la pen\u00faltima vuelta, un 6\u00ba puesto muy positivo de cara a salvar puntos para el Campeonato. En la 2\u00aa y definitiva, Valent\u00edn volver\u00eda a ofrecer un excelente rendimiento sobre la YZ450F, finalizando 4\u00ba despu\u00e9s de recuperar algunas posiciones en las primeras vueltas. En el global del fin de semana ha firmado un positivo 5\u00ba puesto teniendo en cuenta la participaci\u00f3n de pilotos mundialistas que aprovechan estas pruebas iniciales como pretemporada.<\/p>\n\n\n\n<p>Por lo que se refiere al otro piloto navarro presente en Malpartida de C\u00e1ceres, Alejandro Irigoyen Telletxea, encuadrado en la categor\u00eda de 125, fue de menos a m\u00e1s, ya que en los entrenamientos qued\u00f3 en el puesto 40, en tanto que en la primera manga firm\u00f3 un 30\u00ba puesto, y en la segunda, tras una buena remontada, hizo 29\u00ba. Hay que tener en cuenta que es el primer a\u00f1o del piloto navarro en una categor\u00eda con muy buenos pilotos y de gran nivel<\/p>\n\n\n\n<p><em>Resultados de carrera y puntuaci\u00f3n final:<\/em><\/p>\n\n\n\n<p>1\u00ba Josh Gilbert (50 pts.)<\/p>\n\n\n\n<p>2\u00ba Mattia Guadagnini (48 pts.)<\/p>\n\n\n\n<p>3\u00ba Jos\u00e9 Antonio Butr\u00f3n (46 pts.)<\/p>\n\n\n\n<p>4\u00ba Carlos Campano (36 pts.)<\/p>\n\n\n\n<p>5\u00ba ANDER VALENT\u00cdN (35 pts.)<\/p>\n","protected":false},"excerpt":{"rendered":"<p>ANDER VALENT\u00cdN COMIENZA LA TEMPORADA 2024 CON BUEN PIE PRUEBA:&nbsp;&nbsp;&nbsp; CAMPEONATO DE ESPA\u00d1A DE MOTOCROSS \u00c9LITE MX1 FECHA:&nbsp;&nbsp;&nbsp;&nbsp;&nbsp;&nbsp; 04-02-2024 LUGAR:&nbsp;&nbsp;&nbsp;&nbsp;&nbsp;&nbsp; TALAVERA DE LA REINA (TOLEDO) Talavera de la Reina ha dado el pistoletazo de salida a una nueva temporada del Campeonato de Espa\u00f1a de Motocross. El numeroso p\u00fablico que ha asistido al circuito ha disfrutado&#8230;<\/p>\n","protected":false},"author":5,"featured_media":3287,"comment_status":"closed","ping_status":"closed","sticky":false,"template":"","format":"standard","meta":{"_acf_changed":false,"_kad_post_transparent":"","_kad_post_title":"","_kad_post_layout":"","_kad_post_sidebar_id":"","_kad_post_content_style":"","_kad_post_vertical_padding":"","_kad_post_feature":"","_kad_post_feature_position":"","_kad_post_header":false,"_kad_post_footer":false,"_kad_post_classname":"","footnotes":""},"categories":[1],"tags":[],"class_list":["post-3286","post","type-post","status-publish","format-standard","has-post-thumbnail","hentry","category-noticias"],"acf":[],"_links":{"self":[{"href":"https:\/\/www.fnamoto.org\/eu\/wp-json\/wp\/v2\/posts\/3286","targetHints":{"allow":["GET"]}}],"collection":[{"href":"https:\/\/www.fnamoto.org\/eu\/wp-json\/wp\/v2\/posts"}],"about":[{"href":"https:\/\/www.fnamoto.org\/eu\/wp-json\/wp\/v2\/types\/post"}],"author":[{"embeddable":true,"href":"https:\/\/www.fnamoto.org\/eu\/wp-json\/wp\/v2\/users\/5"}],"replies":[{"embeddable":true,"href":"https:\/\/www.fnamoto.org\/eu\/wp-json\/wp\/v2\/comments?post=3286"}],"version-history":[{"count":4,"href":"https:\/\/www.fnamoto.org\/eu\/wp-json\/wp\/v2\/posts\/3286\/revisions"}],"predecessor-version":[{"id":3335,"href":"https:\/\/www.fnamoto.org\/eu\/wp-json\/wp\/v2\/posts\/3286\/revisions\/3335"}],"wp:featuredmedia":[{"embeddable":true,"href":"https:\/\/www.fnamoto.org\/eu\/wp-json\/wp\/v2\/media\/3287"}],"wp:attachment":[{"href":"https:\/\/www.fnamoto.org\/eu\/wp-json\/wp\/v2\/media?parent=3286"}],"wp:term":[{"taxonomy":"category","embeddable":true,"href":"https:\/\/www.fnamoto.org\/eu\/wp-json\/wp\/v2\/categories?post=3286"},{"taxonomy":"post_tag","embeddable":true,"href":"https:\/\/www.fnamoto.org\/eu\/wp-json\/wp\/v2\/tags?post=3286"}],"curies":[{"name":"wp","href":"https:\/\/api.w.org\/{rel}","templated":true}]}}